{"id":718,"date":"2021-03-28T12:16:57","date_gmt":"2021-03-28T12:16:57","guid":{"rendered":"http:\/\/nepmesepont.hu\/nyiregyhaza\/?p=718"},"modified":"2021-04-02T08:16:33","modified_gmt":"2021-04-02T08:16:33","slug":"husveti-locsoloversek-a-te-eloadasodban","status":"publish","type":"post","link":"http:\/\/nepmesepont.hu\/nyiregyhaza\/blog\/2021\/03\/28\/husveti-locsoloversek-a-te-eloadasodban\/","title":{"rendered":"H\u00fasv\u00e9ti locsol\u00f3versek &#8211; a TE el\u0151ad\u00e1sodban"},"content":{"rendered":"<p><img loading=\"lazy\" decoding=\"async\" class=\"alignnone size-full wp-image-719\" src=\"http:\/\/nepmesepont.hu\/nyiregyhaza\/wp-content\/uploads\/sites\/3\/2021\/03\/h\u00fasv\u00e9t-N\u00e9pmesepont_web.jpg\" alt=\"\" width=\"640\" height=\"908\" srcset=\"http:\/\/nepmesepont.hu\/nyiregyhaza\/wp-content\/uploads\/sites\/3\/2021\/03\/h\u00fasv\u00e9t-N\u00e9pmesepont_web.jpg 640w, http:\/\/nepmesepont.hu\/nyiregyhaza\/wp-content\/uploads\/sites\/3\/2021\/03\/h\u00fasv\u00e9t-N\u00e9pmesepont_web-211x300.jpg 211w, http:\/\/nepmesepont.hu\/nyiregyhaza\/wp-content\/uploads\/sites\/3\/2021\/03\/h\u00fasv\u00e9t-N\u00e9pmesepont_web-247x350.jpg 247w, http:\/\/nepmesepont.hu\/nyiregyhaza\/wp-content\/uploads\/sites\/3\/2021\/03\/h\u00fasv\u00e9t-N\u00e9pmesepont_web-106x150.jpg 106w\" sizes=\"auto, (max-width: 640px) 100vw, 640px\" \/><\/p>\n<hr \/>\n<p><strong>Akik p\u00e1ly\u00e1zhatnak<\/strong>: minden olyan term\u00e9szetes szem\u00e9ly, aki felt\u00f6lt\u00f6tte \u00e9s elk\u00fcldte a vide\u00f3j\u00e1t (n\u00e9vvel) a nyiregyhaza@nepmesepont.hu e-mail c\u00edmre.<\/p>\n<ul>\n<li>koroszt\u00e1lyi megk\u00f6t\u00e9s nincs<\/li>\n<li>egy p\u00e1ly\u00e1z\u00f3 t\u00f6bb vide\u00f3val is jelentkezhet<\/li>\n<\/ul>\n<p>&nbsp;<\/p>\n<p><strong>Nevez\u00e9si hat\u00e1rid\u0151:<\/strong> 2021. 04. 04., vas\u00e1rnap 16.00 \u00f3r\u00e1ig.<\/p>\n<p><strong>Szavaz\u00e1si hat\u00e1rid\u0151:<\/strong> 2021. 04. 05. 9.00 \u00f3r\u00e1t\u00f3l 2021. 04. 06. 12.00 \u00f3r\u00e1ig.<\/p>\n<p><strong>Eredm\u00e9nyhirdet\u00e9s: <\/strong>2021. 04. 09., p\u00e9ntek<\/p>\n<p><strong>\u00a0<\/strong><\/p>\n<p>A legt\u00f6bb l\u00e1jkot (l\u00e1jk, \u00f6lel\u00e9s, sz\u00edvecske reakci\u00f3gombokat) kap\u00f3 vide\u00f3 bek\u00fcld\u0151je nyer.<\/p>\n<p>&nbsp;<\/p>\n<p><strong>A nyerem\u00e9ny:\u00a0<\/strong>5\u00a0000 Ft \u00e9rt\u00e9k\u0171 Renom\u00e9-Print Kft. utalv\u00e1ny<\/p>\n<p>A nyertest a Hetedh\u00e9t Mesevil\u00e1g N\u00e9pmesePont facebook oldal\u00e1n k\u00f6zz\u00e9tessz\u00fck, valamint e-mailben is \u00e9rtes\u00edtj\u00fck.<\/p>\n<p>Az aj\u00e1nd\u00e9kok \u00e1tv\u00e9tel\u00e9r\u0151l a nyertessel egyeztet\u00fcnk.<\/p>\n<p>A vide\u00f3 bek\u00fcld\u00e9s\u00e9vel a p\u00e1ly\u00e1z\u00f3 hozz\u00e1j\u00e1rul szem\u00e9lyes adatainak (n\u00e9v, e-mail c\u00edm, esetleg vide\u00f3n szerepl\u0151 szem\u00e9lyek) kezel\u00e9s\u00e9hez, k\u00f6z\u00f6ss\u00e9gi oldalunkon, weboldalunkon t\u00f6rt\u00e9n\u0151 megoszt\u00e1s\u00e1hoz.<\/p>\n<p>&nbsp;<\/p>\n<p><strong>Szab\u00e1lyzat<\/strong><strong>:<\/strong><strong>\u00a0 <\/strong>A p\u00e1ly\u00e1zat bek\u00fcld\u00e9s\u00e9vel a p\u00e1ly\u00e1z\u00f3 egyben nyilatkozik arr\u00f3l is, hogy a bek\u00fcld\u00f6tt felv\u00e9tellel kapcsolatban harmadik szem\u00e9lynek szem\u00e9lyis\u00e9gi, szerz\u0151i \u00e9s b\u00e1rmely egy\u00e9b v\u00e9delmet \u00e9lvez\u0151 jogosults\u00e1ga nem \u00e1ll fenn. Csak olyan vide\u00f3val t\u00f6rt\u00e9n\u0151 nevez\u00e9st fogadunk el, amelyet vagy a bek\u00fcld\u0151 k\u00e9sz\u00edtett, vagy annak k\u00e9sz\u00edt\u00e9s\u00e9hez kifejezetten hozz\u00e1j\u00e1rult. A Hetedh\u00e9t Mesevil\u00e1g N\u00e9pmesePont \u2013 mint a p\u00e1ly\u00e1zatot ki\u00edr\u00f3- jogosult az olyan kommenteket, amelyek a becs\u00fclet csorb\u00edt\u00e1s\u00e1ra alkalmas kifejez\u00e9st haszn\u00e1lnak, halad\u00e9ktalanul t\u00f6rlni.<\/p>\n<p>A Hetedh\u00e9t Mesevil\u00e1g N\u00e9pmesePont fenntartja a jogot a p\u00e1ly\u00e1zat ki\u00edr\u00e1s\u00e1nak egyoldal\u00fa megv\u00e1ltoztat\u00e1s\u00e1ra. A Hetedh\u00e9t Mesevil\u00e1g N\u00e9pmesePont a b\u00fcntet\u0151jogi vagy egyes szab\u00e1lys\u00e9rt\u00e9sekr\u0151l sz\u00f3l\u00f3 jogszab\u00e1lyban foglaltakat s\u00e9rt\u0151 tartalm\u00fa p\u00e1ly\u00e1zatokat, valamint az alapvet\u0151 emberi jogokat, illetve szem\u00e9lyes jogosults\u00e1gokat vagy a j\u00f3 \u00edzl\u00e9st s\u00e9rt\u0151 m\u0171veket indokl\u00e1s n\u00e9lk\u00fcl t\u00f6rli a p\u00e1ly\u00e1zat publik\u00e1l\u00e1sa el\u0151tt, \u00edgy azok a bek\u00fcld\u00f6tt vide\u00f3k a p\u00e1ly\u00e1zaton nem vehetnek r\u00e9szt.<\/p>\n","protected":false},"excerpt":{"rendered":"<p>Akik p\u00e1ly\u00e1zhatnak: minden olyan term\u00e9szetes szem\u00e9ly, aki felt\u00f6lt\u00f6tte \u00e9s elk\u00fcldte a vide\u00f3j\u00e1t (n\u00e9vvel) a nyiregyhaza@nepmesepont.hu e-mail c\u00edmre. koroszt\u00e1lyi megk\u00f6t\u00e9s nincs egy p\u00e1ly\u00e1z\u00f3 t\u00f6bb vide\u00f3val is jelentkezhet &nbsp; Nevez\u00e9si hat\u00e1rid\u0151: 2021. 04. 04., vas\u00e1rnap 16.00 \u00f3r\u00e1ig. Szavaz\u00e1si hat\u00e1rid\u0151: 2021. 04. 05. 9.00 \u00f3r\u00e1t\u00f3l 2021. 04. 06. 12.00 \u00f3r\u00e1ig. Eredm\u00e9nyhirdet\u00e9s: 2021. 04&#8230;. <a class=\"continue-reading-link\" href=\"http:\/\/nepmesepont.hu\/nyiregyhaza\/blog\/2021\/03\/28\/husveti-locsoloversek-a-te-eloadasodban\/\">Continue reading<\/a><\/p>\n","protected":false},"author":5,"featured_media":0,"comment_status":"closed","ping_status":"open","sticky":false,"template":"","format":"standard","meta":{"footnotes":""},"categories":[4],"tags":[],"class_list":["post-718","post","type-post","status-publish","format-standard","hentry","category-programok"],"_links":{"self":[{"href":"http:\/\/nepmesepont.hu\/nyiregyhaza\/wp-json\/wp\/v2\/posts\/718","targetHints":{"allow":["GET"]}}],"collection":[{"href":"http:\/\/nepmesepont.hu\/nyiregyhaza\/wp-json\/wp\/v2\/posts"}],"about":[{"href":"http:\/\/nepmesepont.hu\/nyiregyhaza\/wp-json\/wp\/v2\/types\/post"}],"author":[{"embeddable":true,"href":"http:\/\/nepmesepont.hu\/nyiregyhaza\/wp-json\/wp\/v2\/users\/5"}],"replies":[{"embeddable":true,"href":"http:\/\/nepmesepont.hu\/nyiregyhaza\/wp-json\/wp\/v2\/comments?post=718"}],"version-history":[{"count":5,"href":"http:\/\/nepmesepont.hu\/nyiregyhaza\/wp-json\/wp\/v2\/posts\/718\/revisions"}],"predecessor-version":[{"id":724,"href":"http:\/\/nepmesepont.hu\/nyiregyhaza\/wp-json\/wp\/v2\/posts\/718\/revisions\/724"}],"wp:attachment":[{"href":"http:\/\/nepmesepont.hu\/nyiregyhaza\/wp-json\/wp\/v2\/media?parent=718"}],"wp:term":[{"taxonomy":"category","embeddable":true,"href":"http:\/\/nepmesepont.hu\/nyiregyhaza\/wp-json\/wp\/v2\/categories?post=718"},{"taxonomy":"post_tag","embeddable":true,"href":"http:\/\/nepmesepont.hu\/nyiregyhaza\/wp-json\/wp\/v2\/tags?post=718"}],"curies":[{"name":"wp","href":"https:\/\/api.w.org\/{rel}","templated":true}]}}