{"id":686,"date":"2021-02-12T10:30:03","date_gmt":"2021-02-12T10:30:03","guid":{"rendered":"http:\/\/nepmesepont.hu\/nyiregyhaza\/?p=686"},"modified":"2021-02-18T09:43:16","modified_gmt":"2021-02-18T09:43:16","slug":"farsangi-jelmezverseny-meghosszabbitott-jelentkezesi-hatarido","status":"publish","type":"post","link":"http:\/\/nepmesepont.hu\/nyiregyhaza\/blog\/2021\/02\/12\/farsangi-jelmezverseny-meghosszabbitott-jelentkezesi-hatarido\/","title":{"rendered":"Farsangi jelmezverseny &#8211; meghosszabb\u00edtott jelentkez\u00e9si hat\u00e1rid\u0151"},"content":{"rendered":"<p><img loading=\"lazy\" decoding=\"async\" class=\"alignnone size-full wp-image-687\" src=\"http:\/\/nepmesepont.hu\/nyiregyhaza\/wp-content\/uploads\/sites\/3\/2021\/02\/Vasutas-M\u0171vel\u0151d\u00e9si-H\u00e1z_N\u00e9pmesePont_Farsangi-jelmezverseny_2021_web.jpg\" alt=\"\" width=\"650\" height=\"919\" srcset=\"http:\/\/nepmesepont.hu\/nyiregyhaza\/wp-content\/uploads\/sites\/3\/2021\/02\/Vasutas-M\u0171vel\u0151d\u00e9si-H\u00e1z_N\u00e9pmesePont_Farsangi-jelmezverseny_2021_web.jpg 650w, http:\/\/nepmesepont.hu\/nyiregyhaza\/wp-content\/uploads\/sites\/3\/2021\/02\/Vasutas-M\u0171vel\u0151d\u00e9si-H\u00e1z_N\u00e9pmesePont_Farsangi-jelmezverseny_2021_web-212x300.jpg 212w, http:\/\/nepmesepont.hu\/nyiregyhaza\/wp-content\/uploads\/sites\/3\/2021\/02\/Vasutas-M\u0171vel\u0151d\u00e9si-H\u00e1z_N\u00e9pmesePont_Farsangi-jelmezverseny_2021_web-248x350.jpg 248w, http:\/\/nepmesepont.hu\/nyiregyhaza\/wp-content\/uploads\/sites\/3\/2021\/02\/Vasutas-M\u0171vel\u0151d\u00e9si-H\u00e1z_N\u00e9pmesePont_Farsangi-jelmezverseny_2021_web-106x150.jpg 106w\" sizes=\"auto, (max-width: 650px) 100vw, 650px\" \/><\/p>\n<hr \/>\n<p>Ki ne ismern\u00e9 a magyar n\u00e9pmes\u00e9k szerepl\u0151it? A mes\u00e9k var\u00e1zslatos vil\u00e1g\u00e1ban b\u00e1rki b\u0151r\u00e9be beleb\u00fajhatsz. Most a farsang alkalm\u00e1val ne csak k\u00e9pzeletben \u00f6ltsd magadra a h\u0151s\u00f6k g\u00fany\u00e1j\u00e1t, hanem a val\u00f3s\u00e1gban is!<\/p>\n<p>Kir\u00e1lyl\u00e1nyok, hercegn\u0151k, kir\u00e1lyok, husz\u00e1rok, boszork\u00e1k \u00e9s a megannyi \u00e1llatszerepl\u0151k ihlette jelmezes fot\u00f3dat k\u00fcldd el nek\u00fcnk \u00e9s indulj a mes\u00e9s nyerem\u00e9nyek\u00e9rt a jelmezversenyen!<\/p>\n<p><strong>\u00a0<\/strong><\/p>\n<p><strong>Akik p\u00e1ly\u00e1zhatnak<\/strong>: minden olyan term\u00e9szetes szem\u00e9ly, aki a magyar n\u00e9pmes\u00e9k egy szerepl\u0151j\u00e9nek \u00f6lt\u00f6z\u00f6tt, felt\u00f6lt\u00f6tte \u00e9s elk\u00fcldte a fot\u00f3j\u00e1t (n\u00e9v \u00e9s a jelmez\u00e9nek a megnevez\u00e9s\u00e9vel) a <a href=\"mailto:nyiregyhaza@vokevmh.hu\">nyiregyhaza@vokevmh.hu<\/a> e-mail c\u00edmre.<\/p>\n<ul>\n<li>koroszt\u00e1lyi megk\u00f6t\u00e9s nincs<\/li>\n<li>minden versenyz\u0151 csak egy jelmezzel indulhat<\/li>\n<\/ul>\n<p>&nbsp;<\/p>\n<p><strong>Nevez\u00e9si hat\u00e1rid\u0151:<\/strong> 2021. 02. 21., vas\u00e1rnap 23.59 \u00f3r\u00e1ig.<\/p>\n<p><strong>Szavaz\u00e1si hat\u00e1rid\u0151:<\/strong> 2021. 02. 22. 9.00 \u00f3r\u00e1t\u00f3l 2021. 02. 25. 14.00 \u00f3r\u00e1ig.<\/p>\n<p><strong>Eredm\u00e9nyhirdet\u00e9s: <\/strong>2021. 02. 26., p\u00e9ntek<\/p>\n<p><strong>\u00a0<\/strong><\/p>\n<p>A szervez\u0151k h\u00e1rom kateg\u00f3ri\u00e1ban ind\u00edtanak szavaz\u00e1st:<\/p>\n<ul>\n<li>csoportos<\/li>\n<li>csal\u00e1di<\/li>\n<li>egy\u00e9ni<\/li>\n<\/ul>\n<p>Mindh\u00e1rom kateg\u00f3ri\u00e1ban azok a versenyz\u0151k nyernek, akik a legt\u00f6bb like-ot kapj\u00e1k a fot\u00f3jukhoz.<\/p>\n<p>&nbsp;<\/p>\n<p><strong>A nyerem\u00e9nyek kateg\u00f3ri\u00e1nk\u00e9nt:<\/strong><\/p>\n<p>Csoportos: \u00a0 t\u00e1rsasj\u00e1t\u00e9k<\/p>\n<p>mese puff<\/p>\n<p>15\u00a0000 Ft \u00e9rt\u00e9k\u0171 Renom\u00e9-Print Kft. utalv\u00e1ny<\/p>\n<p>Csal\u00e1di:\u00a0\u00a0\u00a0\u00a0\u00a0\u00a0\u00a0\u00a0 mesep\u00e1rna<\/p>\n<p>mese puff<\/p>\n<p>t\u00e1rsasj\u00e1t\u00e9k<\/p>\n<p>10\u00a0000 Ft \u00e9rt\u00e9k\u0171 Renom\u00e9-Print Kft. utalv\u00e1ny<\/p>\n<p>Egy\u00e9ni: \u00a0\u00a0\u00a0\u00a0\u00a0\u00a0\u00a0\u00a0 mesep\u00e1rna<\/p>\n<p>mese puff<\/p>\n<p>t\u00e1rsasj\u00e1t\u00e9k<\/p>\n<p>5\u00a0000 Ft \u00e9rt\u00e9k\u0171 Renom\u00e9-Print Kft. utalv\u00e1ny<\/p>\n<p>&nbsp;<\/p>\n<p>A nyerteseket a Hetedh\u00e9t Mesevil\u00e1g N\u00e9pmesePont facebook oldal\u00e1n k\u00f6zz\u00e9tessz\u00fck, valamint e-mailben is \u00e9rtes\u00edtj\u00fck.<\/p>\n<p>Az aj\u00e1nd\u00e9kok \u00e1tv\u00e9tel\u00e9r\u0151l a nyertesekkel egyeztet\u00fcnk.<\/p>\n<p>A k\u00e9p bek\u00fcld\u00e9s\u00e9vel a p\u00e1ly\u00e1z\u00f3 hozz\u00e1j\u00e1rul szem\u00e9lyes adatainak (n\u00e9v, e-mail c\u00edm, esetleg fot\u00f3n szerepl\u0151 szem\u00e9lyek) kezel\u00e9s\u00e9hez, k\u00f6z\u00f6ss\u00e9gi oldalunkon, weboldalunkon t\u00f6rt\u00e9n\u0151 megoszt\u00e1s\u00e1hoz.<\/p>\n<p>&nbsp;<\/p>\n<p><strong>Szab\u00e1lyzat<\/strong><strong>:<\/strong><strong>\u00a0 <\/strong>A p\u00e1ly\u00e1zat bek\u00fcld\u00e9s\u00e9vel a p\u00e1ly\u00e1z\u00f3 egyben nyilatkozik arr\u00f3l is, hogy a bek\u00fcld\u00f6tt felv\u00e9tellel kapcsolatban harmadik szem\u00e9lynek szem\u00e9lyis\u00e9gi, szerz\u0151i \u00e9s b\u00e1rmely egy\u00e9b v\u00e9delmet \u00e9lvez\u0151 jogosults\u00e1ga nem \u00e1ll fenn. Csak olyan fot\u00f3val t\u00f6rt\u00e9n\u0151 nevez\u00e9st fogadunk el, amelyet vagy a bek\u00fcld\u0151 k\u00e9sz\u00edtett, vagy annak k\u00e9sz\u00edt\u00e9s\u00e9hez kifejezetten hozz\u00e1j\u00e1rult. A Hetedh\u00e9t Mesevil\u00e1g N\u00e9pmesePont \u2013 mint a p\u00e1ly\u00e1zatot ki\u00edr\u00f3- jogosult az olyan kommenteket, amelyek a becs\u00fclet csorb\u00edt\u00e1s\u00e1ra alkalmas kifejez\u00e9st haszn\u00e1lnak, halad\u00e9ktalanul t\u00f6rlni.<\/p>\n<p>A Hetedh\u00e9t Mesevil\u00e1g N\u00e9pmesePont fenntartja a jogot a p\u00e1ly\u00e1zat ki\u00edr\u00e1s\u00e1nak egyoldal\u00fa megv\u00e1ltoztat\u00e1s\u00e1ra. A Hetedh\u00e9t Mesevil\u00e1g N\u00e9pmesePont a b\u00fcntet\u0151jogi vagy egyes szab\u00e1lys\u00e9rt\u00e9sekr\u0151l sz\u00f3l\u00f3 jogszab\u00e1lyban foglaltakat s\u00e9rt\u0151 tartalm\u00fa p\u00e1ly\u00e1zatokat, valamint az alapvet\u0151 emberi jogokat, illetve szem\u00e9lyes jogosults\u00e1gokat vagy a j\u00f3 \u00edzl\u00e9st s\u00e9rt\u0151 m\u0171veket indokl\u00e1s n\u00e9lk\u00fcl t\u00f6rli a p\u00e1ly\u00e1zat publik\u00e1l\u00e1sa el\u0151tt, \u00edgy azok a bek\u00fcld\u00f6tt fot\u00f3k a p\u00e1ly\u00e1zaton nem vehetnek r\u00e9szt.<\/p>\n","protected":false},"excerpt":{"rendered":"<p>Ki ne ismern\u00e9 a magyar n\u00e9pmes\u00e9k szerepl\u0151it? A mes\u00e9k var\u00e1zslatos vil\u00e1g\u00e1ban b\u00e1rki b\u0151r\u00e9be beleb\u00fajhatsz. Most a farsang alkalm\u00e1val ne csak k\u00e9pzeletben \u00f6ltsd magadra a h\u0151s\u00f6k g\u00fany\u00e1j\u00e1t, hanem a val\u00f3s\u00e1gban is! Kir\u00e1lyl\u00e1nyok, hercegn\u0151k, kir\u00e1lyok, husz\u00e1rok, boszork\u00e1k \u00e9s a megannyi \u00e1llatszerepl\u0151k ihlette jelmezes fot\u00f3dat k\u00fcldd el nek\u00fcnk \u00e9s indulj a mes\u00e9s nyerem\u00e9nyek\u00e9rt&#8230; <a class=\"continue-reading-link\" href=\"http:\/\/nepmesepont.hu\/nyiregyhaza\/blog\/2021\/02\/12\/farsangi-jelmezverseny-meghosszabbitott-jelentkezesi-hatarido\/\">Continue reading<\/a><\/p>\n","protected":false},"author":5,"featured_media":0,"comment_status":"closed","ping_status":"open","sticky":false,"template":"","format":"standard","meta":{"footnotes":""},"categories":[4],"tags":[],"class_list":["post-686","post","type-post","status-publish","format-standard","hentry","category-programok"],"_links":{"self":[{"href":"http:\/\/nepmesepont.hu\/nyiregyhaza\/wp-json\/wp\/v2\/posts\/686","targetHints":{"allow":["GET"]}}],"collection":[{"href":"http:\/\/nepmesepont.hu\/nyiregyhaza\/wp-json\/wp\/v2\/posts"}],"about":[{"href":"http:\/\/nepmesepont.hu\/nyiregyhaza\/wp-json\/wp\/v2\/types\/post"}],"author":[{"embeddable":true,"href":"http:\/\/nepmesepont.hu\/nyiregyhaza\/wp-json\/wp\/v2\/users\/5"}],"replies":[{"embeddable":true,"href":"http:\/\/nepmesepont.hu\/nyiregyhaza\/wp-json\/wp\/v2\/comments?post=686"}],"version-history":[{"count":4,"href":"http:\/\/nepmesepont.hu\/nyiregyhaza\/wp-json\/wp\/v2\/posts\/686\/revisions"}],"predecessor-version":[{"id":691,"href":"http:\/\/nepmesepont.hu\/nyiregyhaza\/wp-json\/wp\/v2\/posts\/686\/revisions\/691"}],"wp:attachment":[{"href":"http:\/\/nepmesepont.hu\/nyiregyhaza\/wp-json\/wp\/v2\/media?parent=686"}],"wp:term":[{"taxonomy":"category","embeddable":true,"href":"http:\/\/nepmesepont.hu\/nyiregyhaza\/wp-json\/wp\/v2\/categories?post=686"},{"taxonomy":"post_tag","embeddable":true,"href":"http:\/\/nepmesepont.hu\/nyiregyhaza\/wp-json\/wp\/v2\/tags?post=686"}],"curies":[{"name":"wp","href":"https:\/\/api.w.org\/{rel}","templated":true}]}}