{"id":386,"date":"2020-05-07T06:51:26","date_gmt":"2020-05-07T06:51:26","guid":{"rendered":"http:\/\/nepmesepont.hu\/nyiregyhaza\/?p=386"},"modified":"2020-05-07T07:01:47","modified_gmt":"2020-05-07T07:01:47","slug":"v-nemzeti-verseny-felhivas","status":"publish","type":"post","link":"http:\/\/nepmesepont.hu\/nyiregyhaza\/blog\/2020\/05\/07\/v-nemzeti-verseny-felhivas\/","title":{"rendered":"V. Nemzeti VERSeny &#8211; felh\u00edv\u00e1s"},"content":{"rendered":"<h3 style=\"text-align: center\">\u00a0V. Nemzeti VERSeny<\/h3>\n<p>&nbsp;<\/p>\n<p>A Nemzeti Sz\u00ednh\u00e1z \u00e9s a Magyar Versmond\u00f3k Egyes\u00fclete 2020-ban \u00f6t\u00f6dik alkalommal hirdeti\u00a0meg hat\u00e1rokon \u00e1t\u00edvel\u0151, felmen\u0151 rendszer\u0171 versmond\u00f3 \u00e9s versklip verseny\u00e9t, a Nemzeti VERSenyt,valamennyi koroszt\u00e1ly sz\u00e1m\u00e1ra, az Anyaorsz\u00e1gban, a K\u00e1rp\u00e1t-medenc\u00e9ben, szerte Eur\u00f3p\u00e1ban \u00e9s az\u00a0\u00f3ce\u00e1non t\u00fal, minden nem hivat\u00e1sos magyar versmond\u00f3 r\u00e9sz\u00e9re. A VERSeny els\u0151dleges c\u00e9lja a hagyom\u00e1nyos vers- \u00e9s pr\u00f3zamond\u00f3 tal\u00e1lkoz\u00f3 mellett a klasszikus \u00e9s kort\u00e1rs k\u00f6lt\u00e9szet \u00fajszer\u0171 tolm\u00e1csol\u00e1sa, a k\u00f6lt\u00e9szet \u00e9s a versmond\u00e1s n\u00e9pszer\u0171s\u00edt\u00e9se, a magyar nyelv tisztas\u00e1g\u00e1nak \u00e9s soksz\u00edn\u0171s\u00e9g\u00e9nek felvonultat\u00e1sa a k\u00f6lt\u00e9szet \u00e1ltal, \u00e9s a kultur\u00e1lis identit\u00e1s er\u0151s\u00edt\u00e9se.<\/p>\n<p><strong>A VERSENY V\u00c9DN\u00d6KE:<\/strong><br \/>\nVIDNY\u00c1NSZKY ATTILA<br \/>\nKossuth- \u00e9s J\u00e1szai Mari-d\u00edjas rendez\u0151, a Nemzeti Sz\u00ednh\u00e1z f\u0151igazgat\u00f3ja<\/p>\n<p><strong>A VERSENY TEMATIK\u00c1JA \u00c9S MENETE:<\/strong><br \/>\n2019-ben elindult a rendszerv\u00e1ltoztat\u00e1s eml\u00e9k\u00e9ve. A rendszerv\u00e1ltoztat\u00e1s id\u0151szak\u00e1nak harminc\u00e9ves jubileuma kapcs\u00e1n a Nemzeti VERSeny egyik f\u0151 f\u00f3kusza 2020-ban is a 89-es id\u0151szak, valamint a rendszerv\u00e1ltoztat\u00e1sr\u00f3l sz\u00f3l\u00f3, illetve ahhoz kapcsol\u00f3d\u00f3 k\u00f6z\u00e9leti k\u00f6lt\u00e9szet, ami mellett a VERSeny a\u00a0k\u00e9tsz\u00e1zh\u00fasz \u00e9ve elhunyt V\u00f6r\u00f6smarty Mih\u00e1ly l\u00edr\u00e1j\u00e1nak, valamint a klasszikus \u00e9s kort\u00e1rs magyar irodalom szabadon v\u00e1lasztott verseinek is teret ad.<\/p>\n<p>A nevez\u0151k h\u00e1rom fordul\u00f3n kereszt\u00fcl versenyeznek: az els\u0151 k\u00e9t fordul\u00f3 online zajlik, ahol a zs\u0171ri mellett a k\u00f6z\u00f6ns\u00e9g is tov\u00e1bb juttathat versenyz\u0151ket, a harmadik fordul\u00f3, vagyis az \u00e9l\u0151 szuperd\u00f6nt\u0151 a Nemzeti Sz\u00ednh\u00e1zban lesz, k\u00f6z\u00f6ns\u00e9g el\u0151tt, online t\u00e9v\u00e9k\u00f6zvet\u00edt\u00e9ssel.<\/p>\n<p><strong>NEVEZ\u00c9SI FELT\u00c9TELEK:<\/strong><br \/>\n&#8211; A versenyre koroszt\u00e1lyi megk\u00f6t\u00e9s \u00e9s hat\u00e1rok n\u00e9lk\u00fcl minden magyar nyelv\u0171, nem hivat\u00e1sos\u00a0versmond\u00f3 jelentkezhet, aki b\u00fcntetlen el\u0151\u00e9let\u0171, Magyarorsz\u00e1gr\u00f3l, a K\u00e1rp\u00e1t-medenc\u00e9b\u0151l, Eur\u00f3p\u00e1b\u00f3l \u00e9s az \u00f3ce\u00e1non t\u00falr\u00f3l, a diaszp\u00f3r\u00e1b\u00f3l is.<\/p>\n<p>&#8211; Nevezni a hivatalos jelentkez\u00e9si lapon lehet, amely online kit\u00f6lthet\u0151 a\u00a0www.vers.hu\/nemzetiverseny-2020 linken. Kiskor\u00fa vagy gy\u00e1ms\u00e1g alatt \u00e1ll\u00f3 szem\u00e9lyek eset\u00e9n a\u00a0t\u00f6rv\u00e9nyes k\u00e9pvisel\u0151 hozz\u00e1j\u00e1rul\u00f3 nyilatkozat\u00e1val egy\u00fctt \u00e9rv\u00e9nyes a jelentkez\u00e9si lap.<\/p>\n<p>&#8211; A jelentkez\u0151k sz\u00e1ma nincs korl\u00e1tozva.<\/p>\n<p>&#8211; A versfilmeket a youtube k\u00f6z\u00f6ss\u00e9gi vide\u00f3 megoszt\u00f3 port\u00e1lra kell felt\u00f6lteni, amit a vers.hu \u00e9s a\u00a0nemzetiszinhaz.hu oldalak is megjelen\u00edtenek majd.<\/p>\n<p>&#8211; A filmek min\u0151s\u00e9g\u00e9\u00e9rt a versenyz\u0151 felel, vagyis a nem megfelel\u0151 hangi vagy k\u00e9pi min\u0151s\u00e9g\u0171\u00a0felv\u00e9teleket a zs\u0171ri nem k\u00f6teles \u00e9rt\u00e9kelni.<\/p>\n<p>&#8211; Minden jelentkez\u0151 hozz\u00e1j\u00e1rul az \u00e1ltala bek\u00fcld\u00f6tt\/felt\u00f6lt\u00f6tt versvideok eg\u00e9sz\u00e9nek vagy\u00a0r\u00e9szleteinek id\u0151ben, m\u00e9diat\u00edpusban \u00e9s ter\u00fcletileg korl\u00e1tlan haszn\u00e1lat\u00e1hoz.<\/p>\n<p>&#8211; Az els\u0151 fordul\u00f3ban a k\u00f6z\u00f6ns\u00e9g szavazata a zs\u0171ri d\u00f6nt\u00e9s\u00e9n t\u00fal t\u00edz plusz versenyz\u0151 bejut\u00e1s\u00e1t teszi\u00a0lehet\u0151v\u00e9, a m\u00e1sodikban \u00f6t versenyz\u0151\u00e9t.<\/p>\n<p>A jelentkez\u0151k a nevez\u00e9si lap elk\u00fcld\u00e9s\u00e9vel elfogadj\u00e1k a versenyki\u00edr\u00e1st, mint szab\u00e1lyzatot, \u00e9s a zs\u0171ri\u00a0d\u00f6nt\u00e9se ellen nem emelnek v\u00e9t\u00f3t. Emellett elfogadj\u00e1k, hogy b\u00e1rmely bejegyzett sajt\u00f3org\u00e1num megkeres\u00e9se eset\u00e9n a rendez\u0151szervek j\u00f3v\u00e1hagy\u00e1s\u00e1val nyilatkoznak. A verseny szervez\u0151i fenntartj\u00e1k\u00a0a jogot, hogy sz\u00fcks\u00e9g eset\u00e9n m\u00f3dos\u00edts\u00e1k a versenyfelh\u00edv\u00e1st.<\/p>\n<p>Nevezni az al\u00e1bbi online \u0171rlapon lehet:<br \/>\nhttps:\/\/forms.gle\/kyCYmvuUTYW82CDz8<\/p>\n<p><strong>A nevez\u00e9s szakmai felt\u00e9telei:<\/strong><br \/>\nNevezni n\u00e9gy vers megjel\u00f6l\u00e9s\u00e9vel lehet, amik (nem mag\u00e1n kiad\u00e1s\u00fa) k\u00f6tetben, antol\u00f3gi\u00e1ban vagy\u00a0neves irodalmi (nyomtatott vagy online) foly\u00f3iratban megjelentek, s amelyek k\u00f6z\u00fcl<br \/>\n&#8211; egy a rendszerv\u00e1ltoztat\u00e1s k\u00f6lt\u00e9szet\u00e9hez kapcsol\u00f3dik<br \/>\n&#8211; egy V\u00f6r\u00f6smarty Mih\u00e1ly verse, sz\u00fclet\u00e9s\u00e9nek 220. \u00e9vfordul\u00f3j\u00e1n<br \/>\n&#8211; egy valamelyik klasszikus magyar k\u00f6lt\u0151t\u0151l sz\u00e1rmazik<br \/>\n&#8211; egy, a bez\u00e1rts\u00e1gr\u00f3l, az eg\u00e9szs\u00e9gr\u0151l vagy j\u00e1rv\u00e1nyr\u00f3l, vagy az \u00f6sszetartoz\u00e1sr\u00f3l sz\u00f3l\u00f3 szabadon\u00a0v\u00e1lasztott vers.<\/p>\n<p>Az els\u0151 fordul\u00f3ban (el\u0151d\u00f6nt\u0151) a n\u00e9gy k\u00f6z\u00fcl b\u00e1rmelyik vers elmond\u00e1s\u00e1t vide\u00f3n r\u00f6gz\u00edtve kell\u00a0bek\u00fcldeni.<\/p>\n<p>A m\u00e1sodik fordul\u00f3ban (k\u00f6z\u00e9pd\u00f6nt\u0151) a tov\u00e1bbjut\u00f3k egy \u00fajabb verset dolgoznak f\u00f6l a n\u00e9gy k\u00f6z\u00fcl,\u00a0versklip form\u00e1j\u00e1ban, a j\u00e1rv\u00e1ny\u00fcgyi helyzetre tekintettel ak\u00e1r otthoni k\u00f6rnyezetben.<\/p>\n<p>A harmadik fordul\u00f3ban (d\u00f6nt\u0151) a tov\u00e1bbjut\u00f3knak a versklipjeik vet\u00edt\u00e9se mellett a VERSeny fordul\u00f3i\u00a0alatt m\u00e9g el nem hangzott verseiket kell el\u0151adni.<\/p>\n<p><strong>Mely verseket tekintj\u00fck a rendszerv\u00e1ltoztat\u00e1shoz kapcsol\u00f3d\u00f3 alkot\u00e1soknak?<\/strong><br \/>\nAz 1989-es id\u0151szakhoz t\u00e9m\u00e1j\u00e1ban, hangulat\u00e1ban kapcsol\u00f3d\u00f3, a rendszerv\u00e1ltoztat\u00e1st k\u00f6zvetlen\u00fcl\u00a0megel\u0151z\u0151, vagy az \u00e1tmenet id\u0151szak\u00e1ban \u00edrt k\u00f6z\u00e9leti t\u00e9m\u00e1j\u00fa verseket, illetve az ez id\u0151szakban n\u00e9pszer\u0171v\u00e9 v\u00e1l\u00f3 k\u00f6lt\u0151k verseit, valamint a rendszerv\u00e1ltoztat\u00e1skor eszm\u00e9l\u0151 \u00faj k\u00f6lt\u0151nemzed\u00e9k k\u00e9s\u0151bb\u00a0\u00edrt kapcsol\u00f3d\u00f3 verseit, melyek t\u00e9m\u00e1i a k\u00f6z\u00e9p-eur\u00f3pai nemzeti k\u00f6z\u00f6ss\u00e9gek, a t\u00f6rt\u00e9nelmi lehet\u0151s\u00e9gek,\u00a0a f\u00fcggetlens\u00e9g, a diktat\u00fara \u00e9s a szabads\u00e1g, a demokr\u00e1cia, a t\u00e1rsadalmi k\u00f6zeg \u00e9s hangulat.\u00a0A rendszerv\u00e1lt\u00e1s sokr\u00e9t\u0171 irodalm\u00e1b\u00f3l, annak t\u00f6bb vonulatb\u00f3l \u00e9rdemes v\u00e1lasztani a versmond\u00f3knak.\u00a0A teljess\u00e9g ig\u00e9nye n\u00e9lk\u00fcl sorolunk kedvcsin\u00e1l\u00f3nak olyan alkot\u00f3kat, akiknek k\u00f6lt\u00e9szet\u00e9ben a fenti\u00a0tematika maradand\u00f3 nyomot hagy(ott), de ezen alkot\u00f3kt\u00f3l f\u00fcggetlen\u00fcl m\u00e1s n\u00edv\u00f3s szerz\u0151kt\u0151l is\u00a0v\u00e1laszthat\u00f3 a t\u00e9m\u00e1hoz kapcsol\u00f3d\u00f3 vers, ha a k\u00f6ltem\u00e9ny nyilv\u00e1nos foly\u00f3iratban vagy\u00a0k\u00f6tetben\/antol\u00f3gi\u00e1ban megjelent \u00e9s a tematik\u00e1hoz kapcsol\u00f3dik.<\/p>\n<p><strong>Aj\u00e1nlott szerz\u0151k, a teljess\u00e9g ig\u00e9nye n\u00e9lk\u00fcl:<\/strong><br \/>\nEgyr\u00e9szt a magyar k\u00f6lt\u00e9szet klasszikus \u00e9rt\u00e9kek hagyom\u00e1nyait k\u00e9pvisel\u0151, er\u0151s t\u00e1rsadalmi\u00a0elk\u00f6telezetts\u00e9g\u0171 k\u00f6lt\u0151k, mint Baka Istv\u00e1n, Bert\u00f3k L\u00e1szl\u00f3, Cso\u00f3ri S\u00e1ndor, Lator L\u00e1szl\u00f3, Lezs\u00e1k S\u00e1ndor, Nagy G\u00e1sp\u00e1r, Tornai J\u00f3zsef, a modernebbek k\u00f6z\u00fcl E\u00f6rsi Istv\u00e1n, Ferencz Gy\u0151z\u0151, Garaczi L\u00e1szl\u00f3, K\u00e1ntor\u00a0P\u00e9ter, Kukorelly Endre, N\u00e1dasdy \u00c1d\u00e1m, Orb\u00e1n Ott\u00f3, Parti Nagy Lajos, P\u00e9ntek Imre, Petri Gy\u00f6rgy,\u00a0Rakovszky Zsuzsa, Rapai \u00c1gnes, Szil\u00e1gyi \u00c1kos, Tandori Dezs\u0151, Zal\u00e1n Tibor;\u00a0\u00e9s a k\u00f6lt\u0151i csoportosul\u00e1sok tagjai: Hetek k\u00f6lt\u0151i: \u00c1gh Istv\u00e1n, Bella Istv\u00e1n, Buda Ferenc, Kal\u00e1sz L\u00e1szl\u00f3, Raffai Sarolta, Ratk\u00f3 J\u00f3zsef \u00e9s Serf\u0151z\u0151 Simon. Kilencek tagjai: Gy\u0151ri L\u00e1szl\u00f3, Kiss Benedek, Konczek\u00a0J\u00f3zsef, Kov\u00e1cs Istv\u00e1n, Mezey Katalin, Ol\u00e1h J\u00e1nos, P\u00e9ntek Imre, R\u00f3zsa Endre, Utassy J\u00f3zsef.<\/p>\n<p>M\u00e1sr\u00e9szt a magyar irodalom t\u00e9nyleges r\u00e9szek\u00e9nt jelen l\u00e9v\u0151 \u00e9s egyre hangs\u00falyosabb szerepet kap\u00f3\u00a0hat\u00e1ron t\u00fali k\u00f6lt\u00e9szet reprezent\u00e1nsai: Bence Lajos, Farkas \u00c1rp\u00e1d, G\u00e1l S\u00e1ndor, Fekete Vince, Hervay\u00a0Gizella, K\u00e1ny\u00e1di S\u00e1ndor, Kelemen Hunor, Koncsol L\u00e1szl\u00f3, Kov\u00e1cs Andr\u00e1s Ferenc, L\u00e1szl\u00f3ffy Alad\u00e1r,\u00a0L\u0151v\u00e9tei L\u00e1z\u00e1r L\u00e1szl\u00f3, Mark\u00f3 B\u00e9la, Szil\u00e1gyi Domokos, Sziveri J\u00e1nos, Sz\u0151cs G\u00e9za, Tari Istv\u00e1n, T\u0151zs\u00e9r\u00a0\u00c1rp\u00e1d, V\u00e1ri F\u00e1bi\u00e1n L\u00e1szl\u00f3.<\/p>\n<p>Harmadr\u00e9szt az emigr\u00e1ns k\u00f6lt\u0151k: Bujdos\u00f3 Alp\u00e1r, Faludy Gy\u00f6rgy, F\u00e1y Ferenc, Hat\u00e1r Gy\u0151z\u0151, Kann\u00e1s\u00a0Alajos, Kib\u00e9di Varga \u00c1ron, Makkai \u00c1d\u00e1m, M\u00e1rai S\u00e1ndor, Papp Tibor, Tollas Tibor, T\u0171z Tam\u00e1s.<\/p>\n<p>Negyedr\u00e9szt a rendszerv\u00e1lt\u00e1s k\u00f6rny\u00e9k\u00e9n vagy azt k\u00f6vet\u0151en indult, vagy kiteljesedett gener\u00e1ci\u00f3\u00a0k\u00e9pvisel\u0151i: Borb\u00e9ly Szil\u00e1rd, Erd\u0151s Vir\u00e1g, J\u00f3n\u00e1s Tam\u00e1s, Kem\u00e9ny Istv\u00e1n, Lackfi J\u00e1nos, L. Simon L\u00e1szl\u00f3,\u00a0Gy\u0151rffy \u00c1kos, Karafi\u00e1th Orsolya, Kiss Judit \u00c1gnes, Sz\u00e1linger Bal\u00e1zs, Szentm\u00e1rtoni J\u00e1nos, T\u00e9rey J\u00e1nos,\u00a0T\u00f3th Krisztina, V\u00f6r\u00f6s Istv\u00e1n, Varr\u00f3 D\u00e1niel.<\/p>\n<p><strong>Az els\u0151 fordul\u00f3: EL\u0150D\u00d6NT\u0150 (versmond\u00e1s videofelv\u00e9telen)<\/strong><\/p>\n<ul>\n<li><strong>nevez\u00e9si hat\u00e1rid\u0151: 2020. m\u00e1jus 15.<\/strong><\/li>\n<li><strong>eredm\u00e9nyhirdet\u00e9s: 2020. j\u00fanius 1.<\/strong><\/li>\n<\/ul>\n<p>Els\u0151k\u00e9nt minden versenyz\u0151 n\u00e9gy magyar k\u00f6lt\u0151 m\u00e1r megjelent vers\u00e9vel nevezhet be, amelyek\u00a0k\u00f6z\u00fcl egyet kell az els\u0151 fordul\u00f3ban bek\u00fcldeni, m\u00e9ghozz\u00e1 a 21. sz\u00e1zad vizu\u00e1lis eszk\u00f6zeit is alkalmazva, telefonnal vagy kamer\u00e1val r\u00f6gz\u00edtett v\u00e1gatlan vide\u00f3n (versvide\u00f3). A versvide\u00f3t a youtube\u00a0videomegoszt\u00f3 port\u00e1lra kell felt\u00f6lteni azzal a c\u00edmmel, hogy \u201eNemzeti VERSeny 2020 &#8211; versvideo&#8221;, \u00e9s a vide\u00f3 linkj\u00e9t kell, hogy elk\u00fcldj\u00e9k a nemzetiverseny@gmail.com c\u00edmre, a kit\u00f6lt\u00f6tt jelentkez\u00e9si lappal\u00a0egy\u00fctt. A felvett vers id\u0151tartama lehet\u0151leg ne haladja meg a 3 percet. Szakmai zs\u0171ri d\u00f6nt a<br \/>\ntov\u00e1bbjut\u00f3kr\u00f3l: a szakemberek d\u00f6nt\u00e9se alapj\u00e1n lesznek, akik egyenes\u00e1gon tov\u00e1bb jutnak, lesznek,\u00a0akik a k\u00f6z\u00f6ns\u00e9gszavaz\u00e1s list\u00e1j\u00e1ra ker\u00fclnek, \u00e9s lesznek, akiket nem javasol a zs\u0171ri tov\u00e1bbjut\u00e1sra.<\/p>\n<p>Vigasz\u00e1gon a n\u00e9z\u0151k a k\u00f6z\u00f6ns\u00e9gszavaz\u00e1sra kijel\u00f6ltek csoportj\u00e1b\u00f3l juttathat tov\u00e1bb \u00fajabb 10\u00a0versenyz\u0151t a k\u00f6z\u00e9pd\u00f6nt\u0151be.<\/p>\n<p><strong>A m\u00e1sodik fordul\u00f3: K\u00d6Z\u00c9PD\u00d6NT\u0150 (versek videoklipen)<\/strong><\/p>\n<ul>\n<li><strong>bek\u00fcld\u00e9si hat\u00e1rid\u0151: 2020. augusztus 15.<\/strong><\/li>\n<li><strong>eredm\u00e9nyhirdet\u00e9s: 2020. szeptember 1.<\/strong><\/li>\n<\/ul>\n<p>A k\u00f6z\u00e9pd\u00f6nt\u0151be tov\u00e1bbjutott versenyz\u0151k az \u00e1ltaluk v\u00e1lasztott \u00e9s a nevez\u00e9si lapon megjel\u00f6lt n\u00e9gy vers\u00a0k\u00f6z\u00fcl egy \u00fajabb verset kell, hogy feldolgozzanak, imm\u00e1r film (versfilm) vagy videoklip (versklip)\u00a0j\u00f3v\u00e1hagy\u00e1s\u00e1val t\u00e9rhet el a versenyz\u0151. A filmet\/klipet a youtube videomegoszt\u00f3 port\u00e1lra kell felt\u00f6lteni\u00a0azzal a c\u00edmmel, hogy \u201eNemzeti VERSeny 2020 &#8211; versklip&#8221;, \u00e9s annak linkj\u00e9t kell, hogy elk\u00fcldj\u00e9k a\u00a0nemzetiverseny@gmail.com c\u00edmre. A versfilm vagy versklip form\u00e1j\u00e1ra vonatkoz\u00f3an nincs kit\u00e9tel, sem\u00a0a k\u00e9pi vil\u00e1got, sem a zenei \u00e9s m\u00e1s audio eszk\u00f6z\u00f6ket tekintve. Szakmai zs\u0171ri juttatja tov\u00e1bb a\u00a0legjobbnak v\u00e9lt versenyz\u0151ket a k\u00f6vetkez\u0151 fordul\u00f3ra, egy adott pontsz\u00e1mmal, m\u00edg a k\u00f6z\u00f6ns\u00e9g is\u00a0beszavazhat vigasz\u00e1gon \u00fajabb 5 versenyz\u0151t. A tov\u00e1bbjutott versenyz\u0151knek az eredm\u00e9nyhirdet\u00e9st\u00a0k\u00f6vet\u0151en egy h\u00e9t \u00e1ll a rendelkez\u00e9s\u00fckre, hogy nagy felbont\u00e1sban, j\u00f3 min\u0151s\u00e9gben, MPG vagy MP4\u00a0form\u00e1tumban is eljuttass\u00e1k a VERSeny e-mail c\u00edm\u00e9re a videoklipj\u00fcket.<\/p>\n<p><strong>A harmadik fordul\u00f3 (\u00e9l\u0151 szuperd\u00f6nt\u0151, versvide\u00f3kkal)<\/strong><\/p>\n<ul>\n<li>2020. november 14-15.<\/li>\n<\/ul>\n<p>Az \u00e9l\u0151 d\u00f6nt\u0151be bejutott versenyz\u0151k k\u00f6z\u00f6ns\u00e9g el\u0151tt, a Nemzeti Sz\u00ednh\u00e1zban adj\u00e1k el\u0151 a jelentkez\u00e9skor\u00a0megjel\u00f6lt n\u00e9gy vers els\u0151 k\u00e9t fordul\u00f3ban be nem mutatott egyik k\u00f6ltem\u00e9ny\u00e9t, valamint a rendszerv\u00e1ltoztat\u00e1shoz kapcsol\u00f3d\u00f3 verset, \u00e9s itt vet\u00edtik le a rendez\u0151k a d\u00f6nt\u0151s versenyz\u0151k m\u00e1sodik\u00a0fordul\u00f3s versklipjeit is.<\/p>\n<p>A d\u00f6nt\u0151ben v\u00e1laszthat\u00f3 versek egyik\u00e9nek m\u00e1r a jelentkez\u00e9skor sz\u00fcks\u00e9ges a rendszerv\u00e1ltoztat\u00e1shoz\u00a0kapcsol\u00f3dnia.<\/p>\n<p><strong>Hogyan zajlik az els\u0151 \u00e9s a m\u00e1sodik fordul\u00f3 k\u00f6z\u00f6ns\u00e9gszavaz\u00e1sa?<\/strong><br \/>\nSzavazni a YouTube k\u00f6z\u00f6ss\u00e9gi video megoszt\u00f3 port\u00e1lon lehet a produkci\u00f3kra. Minden olyan\u00a0produkci\u00f3t, amely r\u00e9szt vesz a k\u00f6z\u00f6ns\u00e9gszavaz\u00e1son, a VERSeny szervez\u0151i egy \u00f6n\u00e1ll\u00f3 YouTube csatorn\u00e1ra t\u00f6ltenek fel, \u00e9s egy el\u0151re kijel\u00f6lt id\u0151pontban \u00e9les\u00edtik, megjel\u00f6lve a k\u00f6z\u00f6ns\u00e9gszavaz\u00e1s\u00a0kezdeti \u00e9s z\u00e1r\u00f3 id\u0151pontj\u00e1t. Ennek megfelel\u0151en minden, a k\u00f6z\u00f6ns\u00e9gszavaz\u00e1son r\u00e9sztvev\u0151 versvideo \u00e9s versklip azonos es\u00e9lyekkel, nulla szavazatr\u00f3l indul.<\/p>\n<p>A vers.hu oldal a Nemzeti VERSeny oldal\u00e1n, \u00e9s a VERSeny facebook oldala teszi k\u00f6zz\u00e9 a virtu\u00e1lis\u00a0k\u00f6z\u00f6ns\u00e9gszavaz\u00e1s linkj\u00e9t, amely a YouTube-on k\u00fcl\u00f6n csatorn\u00e1n megtal\u00e1lhat\u00f3 lesz. A YouTube-on a szervez\u0151k \u00e1ltal \u00daJRA FELT\u00d6LT\u00d6TT vide\u00f3kra leadott like-ok (pozit\u00edv \u00e9rt\u00e9kel\u00e9sek) sz\u00e1ma d\u00f6nti el a\u00a0versenyz\u0151k tov\u00e1bbjut\u00e1s\u00e1t. (A megtekint\u00e9sek sz\u00e1m\u00e1nak \u00e9s a negat\u00edv \u00e9rt\u00e9kel\u00e9seknek nincs jelent\u0151s\u00e9ge.) Szavazategyenl\u0151s\u00e9g eset\u00e9n a zs\u0171ri d\u00f6nt a d\u00f6ntetlenre \u00e1ll\u00f3 versenyz\u0151k k\u00f6z\u00f6tt.<\/p>\n<p>A k\u00f6z\u00f6ns\u00e9gszavaz\u00e1s hat\u00e1ridej\u00e9nek lej\u00e1rt\u00e1t k\u00f6vet\u0151en a VERSeny szervez\u0151i megvizsg\u00e1lj\u00e1k a kapott\u00a0szavazatokat, \u00e9s azt is, melyek a val\u00f3s tetsz\u00e9snyilv\u00e1n\u00edt\u00e1sok, \u00e9s vannak-e esetleg \u00fagynevezett szavaz\u00f3szoftverek, robotok \u00e1ltal gener\u00e1lt, nem tisztess\u00e9ges m\u00f3don szerzett szavazatok. A hivatalos\u00a0eredm\u00e9nyt ezt k\u00f6vet\u0151en teszi k\u00f6zz\u00e9. A k\u00f6z\u00f6ns\u00e9gszavaz\u00e1s eredm\u00e9nye a YouTube z\u00e1r\u00f3 id\u0151pontban \u00e9rv\u00e9nyes bels\u0151, r\u00e9szletes statisztik\u00e1ja alapj\u00e1n der\u00fcl ki. A szavaz\u00e1sn\u00e1l \u00fcgyelni kell arra, hogy az egy\u00a0azonos IP-c\u00edmr\u0151l leadott voksokat csak egyszer fogadja a YouTube! Ez f\u0151k\u00e9nt az azonos wifi h\u00e1l\u00f3zatr\u00f3l szavaz\u00f3kat \u00e9rintheti.<\/p>\n<p><strong>D\u00cdJAK:<\/strong><br \/>\nD\u00edjakat az \u00e9l\u0151 d\u00f6nt\u0151 versenyz\u0151i kapnak. Minden \u00e9l\u0151 d\u00f6nt\u0151s versenyz\u0151 eml\u00e9klappal \u00e9s\u00a0t\u00e1rgyjutalommal t\u00e9rhet haza, emellett a zs\u0171ri arany-, ez\u00fcst- \u00e9s bronzmin\u0151s\u00edt\u00e9seket ny\u00fajt \u00e1t a<br \/>\nversenyz\u0151knek.<\/p>\n<ol start=\"100\">\n<li><strong> d\u00edj: 100.000 Ft k\u00e9szp\u00e9nz vagy azzal egyen\u00e9rt\u00e9k\u0171 jutalom<\/strong><br \/>\n<strong>II. d\u00edj: 75.000 Ft k\u00e9szp\u00e9nz vagy azzal egyen\u00e9rt\u00e9k\u0171 jutalom<\/strong><br \/>\n<strong>III. d\u00edj: 50.000 Ft k\u00e9szp\u00e9nz vagy azzal egyen\u00e9rt\u00e9k\u0171 jutalom<\/strong><\/li>\n<\/ol>\n<p>Az els\u0151 \u00e9s m\u00e1sodik fordul\u00f3 versenyz\u0151i k\u00f6z\u00f6tt a zs\u0171ri k\u00fcl\u00f6nd\u00edjk\u00e9nt &#8211; megfelel\u0151 mennyis\u00e9g\u0171 \u00e9s\u00a0min\u0151s\u00e9g\u0171 versvideo \u00e9s versklip eset\u00e9n \u2013 a karant\u00e9nvide\u00f3k, vagyis h\u00e1zi k\u00f6rnyezetben felvett, illetve<br \/>\neg\u00e9szs\u00e9gr\u0151l, j\u00e1rv\u00e1nyr\u00f3l sz\u00f3l\u00f3 versfilmes alkot\u00f3k legjobbj\u00e1t \u00e9rt\u00e9kes t\u00e1rgyjutalomban r\u00e9szes\u00edti, amit a\u00a0Nemzeti Sz\u00ednh\u00e1zban, a d\u00f6nt\u0151 napj\u00e1n vehet \u00e1t a d\u00edjazott, f\u00fcggetlen\u00fcl att\u00f3l, hogy d\u00f6nt\u0151be jutott-e a\u00a0versenyz\u0151 (hiszen a d\u00f6nt\u0151be jut\u00e1shoz a versmond\u00e1s \u00e9s a versfilm k\u00e9sz\u00edt\u00e9s t\u00f6bb m\u00e9rvad\u00f3 szakmai\u00a0szempontj\u00e1nak is \u00e9rv\u00e9nyes\u00fclnie kell).<\/p>\n<p>A m\u00e1sodik fordul\u00f3 versenyz\u0151inek versfilmjei automatikusan beker\u00fclnek a Kaleidoszk\u00f3p\u00a0VersFesztiv\u00e1l, a d\u00f6nt\u0151s\u00f6k filmjei pedig a Bujtor Istv\u00e1n Filmfesztiv\u00e1l versenyprogramj\u00e1ba is, amennyiben az alkot\u00f3 meger\u0151s\u00edti nevez\u00e9si sz\u00e1nd\u00e9k\u00e1t az eml\u00edtett fesztiv\u00e1lokra.<\/p>\n<p>A k\u00fcl\u00f6nd\u00edjakat a szervez\u0151k \u00e9s a t\u00e1mogat\u00f3k, a Nemzeti Sz\u00ednh\u00e1z \u00e9s a Magyar Versmond\u00f3k Egyes\u00fclete\u00a0biztos\u00edtj\u00e1k. A p\u00e9nzjutalmak brutt\u00f3 \u00f6sszegek, tartalmazz\u00e1k a levonand\u00f3 j\u00e1rul\u00e9kokat is. A v\u00e1ltoztat\u00e1s\u00a0jog\u00e1t a szervez\u0151k fenntartj\u00e1k.<\/p>\n<p><strong>A ZS\u0170RI \u00c1LLAND\u00d3 TAGJAI:<\/strong><br \/>\na Nemzeti Sz\u00ednh\u00e1z \u00e9s a Magyar Versmond\u00f3k Egyes\u00fclete m\u0171v\u00e9szei, szakemberei:<\/p>\n<ul>\n<li>Bakos-Kiss G\u00e1bor sz\u00ednm\u0171v\u00e9sz, rendez\u0151<\/li>\n<li>Lutter Imre el\u0151ad\u00f3m\u0171v\u00e9sz, producer<\/li>\n<li>Sz\u0171cs Nelli sz\u00ednm\u0171v\u00e9sz<\/li>\n<li>Szab\u00f3 L\u00e1szl\u00f3 kommunik\u00e1ci\u00f3s szakember<\/li>\n<li>Wiegmann Alfr\u00e9d rendez\u0151<\/li>\n<\/ul>\n<p>&nbsp;<\/p>\n","protected":false},"excerpt":{"rendered":"<p>\u00a0V. Nemzeti VERSeny &nbsp; A Nemzeti Sz\u00ednh\u00e1z \u00e9s a Magyar Versmond\u00f3k Egyes\u00fclete 2020-ban \u00f6t\u00f6dik alkalommal hirdeti\u00a0meg hat\u00e1rokon \u00e1t\u00edvel\u0151, felmen\u0151 rendszer\u0171 versmond\u00f3 \u00e9s versklip verseny\u00e9t, a Nemzeti VERSenyt,valamennyi koroszt\u00e1ly sz\u00e1m\u00e1ra, az Anyaorsz\u00e1gban, a K\u00e1rp\u00e1t-medenc\u00e9ben, szerte Eur\u00f3p\u00e1ban \u00e9s az\u00a0\u00f3ce\u00e1non t\u00fal, minden nem hivat\u00e1sos magyar versmond\u00f3 r\u00e9sz\u00e9re. A VERSeny els\u0151dleges c\u00e9lja a hagyom\u00e1nyos&#8230; <a class=\"continue-reading-link\" href=\"http:\/\/nepmesepont.hu\/nyiregyhaza\/blog\/2020\/05\/07\/v-nemzeti-verseny-felhivas\/\">Continue reading<\/a><\/p>\n","protected":false},"author":5,"featured_media":0,"comment_status":"closed","ping_status":"open","sticky":false,"template":"","format":"standard","meta":{"footnotes":""},"categories":[3],"tags":[],"class_list":["post-386","post","type-post","status-publish","format-standard","hentry","category-kiemelt-esemenyek"],"_links":{"self":[{"href":"http:\/\/nepmesepont.hu\/nyiregyhaza\/wp-json\/wp\/v2\/posts\/386","targetHints":{"allow":["GET"]}}],"collection":[{"href":"http:\/\/nepmesepont.hu\/nyiregyhaza\/wp-json\/wp\/v2\/posts"}],"about":[{"href":"http:\/\/nepmesepont.hu\/nyiregyhaza\/wp-json\/wp\/v2\/types\/post"}],"author":[{"embeddable":true,"href":"http:\/\/nepmesepont.hu\/nyiregyhaza\/wp-json\/wp\/v2\/users\/5"}],"replies":[{"embeddable":true,"href":"http:\/\/nepmesepont.hu\/nyiregyhaza\/wp-json\/wp\/v2\/comments?post=386"}],"version-history":[{"count":5,"href":"http:\/\/nepmesepont.hu\/nyiregyhaza\/wp-json\/wp\/v2\/posts\/386\/revisions"}],"predecessor-version":[{"id":393,"href":"http:\/\/nepmesepont.hu\/nyiregyhaza\/wp-json\/wp\/v2\/posts\/386\/revisions\/393"}],"wp:attachment":[{"href":"http:\/\/nepmesepont.hu\/nyiregyhaza\/wp-json\/wp\/v2\/media?parent=386"}],"wp:term":[{"taxonomy":"category","embeddable":true,"href":"http:\/\/nepmesepont.hu\/nyiregyhaza\/wp-json\/wp\/v2\/categories?post=386"},{"taxonomy":"post_tag","embeddable":true,"href":"http:\/\/nepmesepont.hu\/nyiregyhaza\/wp-json\/wp\/v2\/tags?post=386"}],"curies":[{"name":"wp","href":"https:\/\/api.w.org\/{rel}","templated":true}]}}