{"id":293,"date":"2021-05-20T17:26:00","date_gmt":"2021-05-20T17:26:00","guid":{"rendered":"http:\/\/nepmesepont.hu\/kiskunfelegyhaza\/?p=293"},"modified":"2023-03-10T17:27:02","modified_gmt":"2023-03-10T17:27:02","slug":"huzella-peter-koncert-2021-05-10","status":"publish","type":"post","link":"http:\/\/nepmesepont.hu\/kiskunfelegyhaza\/blog\/2021\/05\/20\/huzella-peter-koncert-2021-05-10\/","title":{"rendered":"Huzella P\u00e9ter koncert (2021.05.10)"},"content":{"rendered":"\n<p>A koronav\u00edrus j\u00e1rv\u00e1nyhelyzet miatt Huzella P\u00e9ter koncertje online form\u00e1ban ker\u00fclt megrendez\u00e9sre \u00c1llats\u00e1gok c\u00edmmel.<\/p>\n\n\n\n<p>A Kal\u00e1ka zenekar volt tagja, sz\u00f3l\u00f3\u00e9nekesk\u00e9nt \u00e9nekelt a gyerekeknek \u00e9l\u0151ben a kivet\u00edt\u0151 projektoron. Saj\u00e1tos hangulat\u00fa gyerekdalaival sz\u00f3rakoztatta az iskol\u00e1sokat.<\/p>\n\n\n\n<p>&nbsp;Meghallgathattuk a Zeneg\u00e9r c\u00edm\u0171 m\u0171sor\u00e1ban elhangzott dalokat, h\u00edres magyar k\u00f6lt\u0151k (t\u00f6bbek k\u00f6zt We\u00f6r\u00f6s S\u00e1ndor, K\u00e1rolyi Amy, Csuk\u00e1s Istv\u00e1n, Nemes Nagy \u00c1gnes, Mark\u00f3 B\u00e9la \u00e9s Zal\u00e1n Tibor) megzen\u00e9s\u00edtett verseit.<\/p>\n\n\n\n<p>&nbsp;Az el\u0151ad\u00e1son egy-egy k\u00fcl\u00f6nleges \u00e1llatr\u00f3l is \u00e9nekelt, \u00edgy \u00faj ismerettel is gazdagodtak a kisiskol\u00e1sok, amit eddig nem tudtak ezekr\u0151l az \u00e9l\u0151l\u00e9nyekr\u0151l. Ilyenek voltak pl. a v\u00e9zna ujj\u00fa maki, a pele, vagy a guvat nev\u0171 mad\u00e1r. Elmondta hol \u00e9lnek, mit esznek \u00e9s mit\u0151l k\u00fcl\u00f6nlegesek.<\/p>\n\n\n\n<p>Az el\u0151ad\u00e1s k\u00fcl\u00f6nlegess\u00e9g\u00e9t sz\u00ednes\u00edtette az \u00e9nekes mimik\u00e1ja, gesztusai, mozdulatai.&nbsp; A zenehallgat\u00e1s az\u00e9rt is j\u00f3 lehet\u0151s\u00e9g volt, mert egyszerre \u00e9lm\u00e9nyt ny\u00fajtott \u00e9s szellemi aktivit\u00e1st serkent\u0151 hat\u00e1sa van, tudatos tev\u00e9kenys\u00e9g, melynek c\u00e9lja az emocion\u00e1lis \u00e9rz\u00e9kenys\u00e9g fejleszt\u00e9se.<\/p>\n","protected":false},"excerpt":{"rendered":"<p>A koronav\u00edrus j\u00e1rv\u00e1nyhelyzet miatt Huzella P\u00e9ter koncertje online form\u00e1ban ker\u00fclt megrendez\u00e9sre \u00c1llats\u00e1gok c\u00edmmel. A Kal\u00e1ka zenekar volt tagja, sz\u00f3l\u00f3\u00e9nekesk\u00e9nt \u00e9nekelt a gyerekeknek \u00e9l\u0151ben a kivet\u00edt\u0151 projektoron. Saj\u00e1tos hangulat\u00fa gyerekdalaival sz\u00f3rakoztatta az iskol\u00e1sokat. &nbsp;Meghallgathattuk a Zeneg\u00e9r c\u00edm\u0171 m\u0171sor\u00e1ban elhangzott dalokat, h\u00edres magyar k\u00f6lt\u0151k (t\u00f6bbek k\u00f6zt We\u00f6r\u00f6s S\u00e1ndor, K\u00e1rolyi Amy, Csuk\u00e1s Istv\u00e1n,&#8230; <a class=\"continue-reading-link\" href=\"http:\/\/nepmesepont.hu\/kiskunfelegyhaza\/blog\/2021\/05\/20\/huzella-peter-koncert-2021-05-10\/\">Continue reading<\/a><\/p>\n","protected":false},"author":1,"featured_media":0,"comment_status":"closed","ping_status":"open","sticky":false,"template":"","format":"standard","meta":{"footnotes":""},"categories":[4],"tags":[],"class_list":["post-293","post","type-post","status-publish","format-standard","hentry","category-programok"],"_links":{"self":[{"href":"http:\/\/nepmesepont.hu\/kiskunfelegyhaza\/wp-json\/wp\/v2\/posts\/293","targetHints":{"allow":["GET"]}}],"collection":[{"href":"http:\/\/nepmesepont.hu\/kiskunfelegyhaza\/wp-json\/wp\/v2\/posts"}],"about":[{"href":"http:\/\/nepmesepont.hu\/kiskunfelegyhaza\/wp-json\/wp\/v2\/types\/post"}],"author":[{"embeddable":true,"href":"http:\/\/nepmesepont.hu\/kiskunfelegyhaza\/wp-json\/wp\/v2\/users\/1"}],"replies":[{"embeddable":true,"href":"http:\/\/nepmesepont.hu\/kiskunfelegyhaza\/wp-json\/wp\/v2\/comments?post=293"}],"version-history":[{"count":1,"href":"http:\/\/nepmesepont.hu\/kiskunfelegyhaza\/wp-json\/wp\/v2\/posts\/293\/revisions"}],"predecessor-version":[{"id":294,"href":"http:\/\/nepmesepont.hu\/kiskunfelegyhaza\/wp-json\/wp\/v2\/posts\/293\/revisions\/294"}],"wp:attachment":[{"href":"http:\/\/nepmesepont.hu\/kiskunfelegyhaza\/wp-json\/wp\/v2\/media?parent=293"}],"wp:term":[{"taxonomy":"category","embeddable":true,"href":"http:\/\/nepmesepont.hu\/kiskunfelegyhaza\/wp-json\/wp\/v2\/categories?post=293"},{"taxonomy":"post_tag","embeddable":true,"href":"http:\/\/nepmesepont.hu\/kiskunfelegyhaza\/wp-json\/wp\/v2\/tags?post=293"}],"curies":[{"name":"wp","href":"https:\/\/api.w.org\/{rel}","templated":true}]}}