{"id":281,"date":"2019-06-23T17:20:00","date_gmt":"2019-06-23T17:20:00","guid":{"rendered":"http:\/\/nepmesepont.hu\/kiskunfelegyhaza\/?p=281"},"modified":"2023-03-10T17:20:45","modified_gmt":"2023-03-10T17:20:45","slug":"ki-tud-tobbet-benedek-elek-meseirol","status":"publish","type":"post","link":"http:\/\/nepmesepont.hu\/kiskunfelegyhaza\/blog\/2019\/06\/23\/ki-tud-tobbet-benedek-elek-meseirol\/","title":{"rendered":"Ki tud t\u00f6bbet Benedek Elek mes\u00e9ir\u0151l?"},"content":{"rendered":"\n<p>Benedek Elek nagy mese\u00edr\u00f3nk sz\u00fclet\u00e9s\u00e9nek \u00e9vfordul\u00f3j\u00e1n az eg\u00e9sz orsz\u00e1g tiszteleg valamilyen rendezv\u00e9nnyel. Ebben az \u00e9vben mi egy meseismereti versennyel eml\u00e9kezt\u00fcnk az \u00edr\u00f3ra.<\/p>\n\n\n\n<p>A Plat\u00e1n iskola 3. \u00e9s 4. oszt\u00e1lyosai k\u00f6z\u00f6tt rendezt\u00fck meg a versenyt.<\/p>\n\n\n\n<p>Az oszt\u00e1lyok csapatokban adtak sz\u00e1mot ismereteikr\u0151l. Esem\u00e9nyek, c\u00edmek, meseh\u0151s\u00f6k felismer\u00e9se volt a feladat, amit tot\u00f3 form\u00e1j\u00e1ban \u00e1ll\u00edtottunk \u00f6ssze.<\/p>\n\n\n\n<p>A mesed\u00e9lut\u00e1nt megnyit\u00f3val kezdt\u00fck, ut\u00e1na Benedek Elek \u00e9let\u00e9r\u0151l kaptak a di\u00e1kok egy r\u00f6vid ismertet\u0151t.<\/p>\n\n\n\n<p>A csoportok ezut\u00e1n megkapt\u00e1k a tot\u00f3t, \u00e9s elkezdhett\u00e9k a feladat megold\u00e1st. A 45 perces munka ut\u00e1n a megfejt\u00e9seket beadt\u00e1k.<\/p>\n\n\n\n<p>A nyertes a&nbsp; 3.a oszt\u00e1ly lett, de a t\u00f6bbi oszt\u00e1ly is sz\u00e9pen teljes\u00edtett. A r\u00e9sztvev\u0151k jutalomban r\u00e9szes\u00fcltek, a nyertes oszt\u00e1ly pedig k\u00fcl\u00f6n jutalmat kapott.<\/p>\n\n\n\n<p>\u00d6r\u00fcl\u00fcnk, hogy ilyen sokan v\u00e1llalkoztak a pr\u00f3bat\u00e9telre. Ki\u00e1llt\u00e1k a pr\u00f3b\u00e1t, \u00fcgyesek voltak.<\/p>\n","protected":false},"excerpt":{"rendered":"<p>Benedek Elek nagy mese\u00edr\u00f3nk sz\u00fclet\u00e9s\u00e9nek \u00e9vfordul\u00f3j\u00e1n az eg\u00e9sz orsz\u00e1g tiszteleg valamilyen rendezv\u00e9nnyel. Ebben az \u00e9vben mi egy meseismereti versennyel eml\u00e9kezt\u00fcnk az \u00edr\u00f3ra. A Plat\u00e1n iskola 3. \u00e9s 4. oszt\u00e1lyosai k\u00f6z\u00f6tt rendezt\u00fck meg a versenyt. Az oszt\u00e1lyok csapatokban adtak sz\u00e1mot ismereteikr\u0151l. Esem\u00e9nyek, c\u00edmek, meseh\u0151s\u00f6k felismer\u00e9se volt a feladat, amit tot\u00f3 form\u00e1j\u00e1ban&#8230; <a class=\"continue-reading-link\" href=\"http:\/\/nepmesepont.hu\/kiskunfelegyhaza\/blog\/2019\/06\/23\/ki-tud-tobbet-benedek-elek-meseirol\/\">Continue reading<\/a><\/p>\n","protected":false},"author":1,"featured_media":0,"comment_status":"closed","ping_status":"open","sticky":false,"template":"","format":"standard","meta":{"footnotes":""},"categories":[4],"tags":[],"class_list":["post-281","post","type-post","status-publish","format-standard","hentry","category-programok"],"_links":{"self":[{"href":"http:\/\/nepmesepont.hu\/kiskunfelegyhaza\/wp-json\/wp\/v2\/posts\/281","targetHints":{"allow":["GET"]}}],"collection":[{"href":"http:\/\/nepmesepont.hu\/kiskunfelegyhaza\/wp-json\/wp\/v2\/posts"}],"about":[{"href":"http:\/\/nepmesepont.hu\/kiskunfelegyhaza\/wp-json\/wp\/v2\/types\/post"}],"author":[{"embeddable":true,"href":"http:\/\/nepmesepont.hu\/kiskunfelegyhaza\/wp-json\/wp\/v2\/users\/1"}],"replies":[{"embeddable":true,"href":"http:\/\/nepmesepont.hu\/kiskunfelegyhaza\/wp-json\/wp\/v2\/comments?post=281"}],"version-history":[{"count":1,"href":"http:\/\/nepmesepont.hu\/kiskunfelegyhaza\/wp-json\/wp\/v2\/posts\/281\/revisions"}],"predecessor-version":[{"id":282,"href":"http:\/\/nepmesepont.hu\/kiskunfelegyhaza\/wp-json\/wp\/v2\/posts\/281\/revisions\/282"}],"wp:attachment":[{"href":"http:\/\/nepmesepont.hu\/kiskunfelegyhaza\/wp-json\/wp\/v2\/media?parent=281"}],"wp:term":[{"taxonomy":"category","embeddable":true,"href":"http:\/\/nepmesepont.hu\/kiskunfelegyhaza\/wp-json\/wp\/v2\/categories?post=281"},{"taxonomy":"post_tag","embeddable":true,"href":"http:\/\/nepmesepont.hu\/kiskunfelegyhaza\/wp-json\/wp\/v2\/tags?post=281"}],"curies":[{"name":"wp","href":"https:\/\/api.w.org\/{rel}","templated":true}]}}